{"id":957,"date":"2020-02-23T17:00:45","date_gmt":"2020-02-23T16:00:45","guid":{"rendered":"http:\/\/www.rikaderyckere.com\/blog\/?p=957"},"modified":"2020-02-23T17:08:48","modified_gmt":"2020-02-23T16:08:48","slug":"2020-exhibitions","status":"publish","type":"post","link":"https:\/\/www.rikaderyckere.com\/blog\/?p=957","title":{"rendered":"2020 Exhibitions"},"content":{"rendered":"\n<p><strong>NEWS LETTER 2020 <\/strong>RIKA DERYCKERE<strong><\/strong><\/p>\n\n\n\n<p><strong>Portraits d\u2019artistes <\/strong><\/p>\n\n\n\n<p>5 decembre 2019 &#8211; 16 f\u00e9vrier 2020<\/p>\n\n\n\n<p>GALERIE VIDOURLE \u00e0 Sauve, France<\/p>\n\n\n\n<figure class=\"wp-block-image size-large\"><img loading=\"lazy\" decoding=\"async\" width=\"932\" height=\"711\" src=\"http:\/\/www.rikaderyckere.com\/blog\/wp-content\/uploads\/2020\/02\/Portret-A4-3-1.jpg\" alt=\"\" class=\"wp-image-963\" srcset=\"https:\/\/www.rikaderyckere.com\/blog\/wp-content\/uploads\/2020\/02\/Portret-A4-3-1.jpg 932w, https:\/\/www.rikaderyckere.com\/blog\/wp-content\/uploads\/2020\/02\/Portret-A4-3-1-300x229.jpg 300w, https:\/\/www.rikaderyckere.com\/blog\/wp-content\/uploads\/2020\/02\/Portret-A4-3-1-768x586.jpg 768w\" sizes=\"auto, (max-width: 932px) 100vw, 932px\" \/><\/figure>\n\n\n\n<p><strong><em>R<\/em>en\u00e9 Carcan Award<\/strong><\/p>\n\n\n\n<p>Laureate<\/p>\n\n\n\n<p>La remise des prix est pr\u00e9vue \u00e0 la\nBibliotheca Wittockiana \u00e0 Bruxelles, le 01 f\u00e9vrier 2020 \u00e0 4pm. Exposition du 02\nf\u00e9vrier au 23 f\u00e9vrier 2020.<\/p>\n\n\n\n<p><strong>Bibliotheca Wittockiana<\/strong> <strong>23 rue du Bemel \u2022 B 1150\nBruxelles<\/strong> <strong>www.wittockiana.org&nbsp; T\u00e9l: 02 770 53 33 <\/strong><a href=\"mailto:info@wittockiana.org\">info@wittockiana.org<\/a><strong> <\/strong>Metro 1, arr\u00eat \u00ab&nbsp;Montgomery&nbsp;\u00bb \/ Tram 39-44, arr\u00eat\n\u00ab&nbsp;Jules Cesar&nbsp;\u00bb \/Bus 36, arr\u00eat \u00ab&nbsp;Atlantique&nbsp;\u00bb<\/p>\n\n\n\n<h4 class=\"wp-block-heading\">ANTWERPSE HANDJES &#8211; Kathedraal Antwerpen<\/h4>\n\n\n\n<p>More than 160 Belgian and international\nartists illustrated the Antwerp Hand in the theme of friendship.<br>\nThese works of art traveled around the world and give Antwerp a greater and\nwarmer fame. After Portugal, Cuba, France, Colombia and the Walloon Parliament\nin Namur, they come back to the cradle.<\/p>\n\n\n\n<p>Exhibition from 01 \/ 02\n\u2013 31 \/03, 2020&nbsp; O.-L.-V.-Cathedral \u2013\nAntwerp. Belgium.<\/p>\n\n\n\n<h4 class=\"wp-block-heading\">CHEZ\nRITA \u00e0 Roubaix <strong>Trans Fair\nresidence &amp; exposition <\/strong>(residency\n&amp; exhibition)<\/h4>\n\n\n\n<p>Solenne Capmas \u2013 H\u00e9l\u00e8ne Deghilage \u2013 Rika Deryckere &#8211; Assunta G\u00e9novesio \u2013\nPeter Poplaski. Artist in residence from 2 till 7 february 2020: A group show\nand a painted Jam-sessions 5m x 2m based on life drawings and drawing at the\nLille Natural Museum of History, France. Using the title Hell and Paradise.<\/p>\n\n\n\n<p>Vendredi 7 F\u00e9vrier 2020 d\u00e8s 18h<\/p>\n\n\n\n<p>20h: Concert de Abdou Mbaye et le Xalat\nde Dakar<\/p>\n\n\n\n<p>CHEZ RITA, 49, rue Daubenton \u00e0 Roubaix<\/p>\n\n\n\n<p><strong>PAPIER MACH\u00c9 \/ FOOD AND ART<\/strong><\/p>\n\n\n\n<p>41 recettes et 49 artistes<\/p>\n\n\n\n<p>Silkscreen printed art-book, an\ninitiative of Solenne Capmas<\/p>\n\n\n\n<figure class=\"wp-block-image size-large\"><img loading=\"lazy\" decoding=\"async\" width=\"768\" height=\"1024\" src=\"http:\/\/www.rikaderyckere.com\/blog\/wp-content\/uploads\/2020\/02\/87310874_10219093517801622_1004381207430955008_o-1-768x1024.jpg\" alt=\"\" class=\"wp-image-964\" srcset=\"https:\/\/www.rikaderyckere.com\/blog\/wp-content\/uploads\/2020\/02\/87310874_10219093517801622_1004381207430955008_o-1-768x1024.jpg 768w, https:\/\/www.rikaderyckere.com\/blog\/wp-content\/uploads\/2020\/02\/87310874_10219093517801622_1004381207430955008_o-1-225x300.jpg 225w, https:\/\/www.rikaderyckere.com\/blog\/wp-content\/uploads\/2020\/02\/87310874_10219093517801622_1004381207430955008_o-1-1152x1536.jpg 1152w, https:\/\/www.rikaderyckere.com\/blog\/wp-content\/uploads\/2020\/02\/87310874_10219093517801622_1004381207430955008_o-1.jpg 1536w\" sizes=\"auto, (max-width: 768px) 100vw, 768px\" \/><\/figure>\n\n\n\n<p><em>Coming up:<\/em><\/p>\n\n\n\n<p><strong>GROK ?<\/strong><\/p>\n\n\n\n<p>Les\n4 saisons de l\u2019art au CH\u00c2TEAU d\u2019AUBAIS, France<\/p>\n\n\n\n<p>Commisaire d\u2019exposition \/ Curator of the exhibition<\/p>\n\n\n\n<p>Vernissage le 14 mars \u00e0 19h<\/p>\n\n\n\n<p>Exposition du 14 mars au 5 avril 2020<\/p>\n\n\n\n<figure class=\"wp-block-embed-wordpress wp-block-embed is-type-wp-embed is-provider-calameo\"><div class=\"wp-block-embed__wrapper\">\n<iframe loading=\"lazy\" class=\"wp-embedded-content\" sandbox=\"allow-scripts\" security=\"restricted\" title=\"dossier artistique  Grok\" src=\"\/\/v.calameo.com\/?bkcode=005191147e704ccfe5d18#?secret=kxtndV1LZf\" data-secret=\"kxtndV1LZf\" width=\"1157\" height=\"818\" frameborder=\"0\" scrolling=\"no\"><\/iframe>\n<\/div><\/figure>\n\n\n\n<p><strong>OPEN STUDIOS <\/strong><\/p>\n\n\n\n<p>Ateliers ouvert 1 mai \u00e0 SAUVE<\/p>\n\n\n\n<p><strong>ARTPAGE \u00e0 OCTON <\/strong><\/p>\n\n\n\n<p>Association PARC &amp; village des Arts\net M\u00e9tiers,<\/p>\n\n\n\n<p>22,\n23 et 24 mai. Exposition et projet de livre in situ avec 12 graveurs.<strong><\/strong><\/p>\n\n\n\n<p><strong><em>Cours &amp; Jardins des Arts<\/em><\/strong><strong><\/strong><\/p>\n\n\n\n<p><strong>Le 12<sup>\u00e8me<\/sup>&nbsp;Festival d\u2019art contemporain (sous\nr\u00e9serve)<\/strong><\/p>\n\n\n\n<p>Vers-Pont-du-Gard les 18 et 19 juillet 2020<\/p>\n\n\n\n<p><strong>LES ARBRES<\/strong><\/p>\n\n\n\n<p>Exposition collective au Petit Temple\nde Ganges en septembre 2020.<\/p>\n\n\n\n<p><strong>Oeuvres\nen permanence:<\/strong> <\/p>\n\n\n\n<p>Au Mus\u00e9e\nde la soie et L&#8217;Atelier chez Marte <\/p>\n\n\n\n<p>place\nde la Canourgue \u00e0 St Hippolyte du Fort et <\/p>\n\n\n\n<p>Galerie\nVidourle \u00e0 Sauve.<strong><\/strong><\/p>\n","protected":false},"excerpt":{"rendered":"<p>NEWS LETTER 2020 RIKA DERYCKERE Portraits d\u2019artistes 5 decembre 2019 &#8211; 16 f\u00e9vrier 2020 GALERIE VIDOURLE \u00e0 Sauve, France Ren\u00e9 Carcan Award Laureate La remise des prix est pr\u00e9vue \u00e0 la Bibliotheca Wittockiana \u00e0 Bruxelles, le 01 f\u00e9vrier 2020 \u00e0 4pm. Exposition du 02 f\u00e9vrier au 23 f\u00e9vrier 2020. Bibliotheca Wittockiana 23 rue du Bemel &hellip; <a href=\"https:\/\/www.rikaderyckere.com\/blog\/?p=957\" class=\"more-link\">Continue reading <span class=\"meta-nav\">&rarr;<\/span><\/a><\/p>\n","protected":false},"author":1,"featured_media":0,"comment_status":"closed","ping_status":"closed","sticky":false,"template":"","format":"standard","meta":{"footnotes":""},"categories":[1],"tags":[],"class_list":["post-957","post","type-post","status-publish","format-standard","hentry","category-n2"],"_links":{"self":[{"href":"https:\/\/www.rikaderyckere.com\/blog\/index.php?rest_route=\/wp\/v2\/posts\/957","targetHints":{"allow":["GET"]}}],"collection":[{"href":"https:\/\/www.rikaderyckere.com\/blog\/index.php?rest_route=\/wp\/v2\/posts"}],"about":[{"href":"https:\/\/www.rikaderyckere.com\/blog\/index.php?rest_route=\/wp\/v2\/types\/post"}],"author":[{"embeddable":true,"href":"https:\/\/www.rikaderyckere.com\/blog\/index.php?rest_route=\/wp\/v2\/users\/1"}],"replies":[{"embeddable":true,"href":"https:\/\/www.rikaderyckere.com\/blog\/index.php?rest_route=%2Fwp%2Fv2%2Fcomments&post=957"}],"version-history":[{"count":2,"href":"https:\/\/www.rikaderyckere.com\/blog\/index.php?rest_route=\/wp\/v2\/posts\/957\/revisions"}],"predecessor-version":[{"id":965,"href":"https:\/\/www.rikaderyckere.com\/blog\/index.php?rest_route=\/wp\/v2\/posts\/957\/revisions\/965"}],"wp:attachment":[{"href":"https:\/\/www.rikaderyckere.com\/blog\/index.php?rest_route=%2Fwp%2Fv2%2Fmedia&parent=957"}],"wp:term":[{"taxonomy":"category","embeddable":true,"href":"https:\/\/www.rikaderyckere.com\/blog\/index.php?rest_route=%2Fwp%2Fv2%2Fcategories&post=957"},{"taxonomy":"post_tag","embeddable":true,"href":"https:\/\/www.rikaderyckere.com\/blog\/index.php?rest_route=%2Fwp%2Fv2%2Ftags&post=957"}],"curies":[{"name":"wp","href":"https:\/\/api.w.org\/{rel}","templated":true}]}}